{"id":49,"date":"2026-09-01T11:47:00","date_gmt":"2026-09-01T11:47:00","guid":{"rendered":"https:\/\/aptinforma.com\/blog\/?p=49"},"modified":"2026-08-08T00:02:47","modified_gmt":"2026-08-08T00:02:47","slug":"facturation-electronique-2026-ce-qui-change-des-aujourdhui-pour-les-entreprises","status":"publish","type":"post","link":"https:\/\/www.aptinforma.com\/blog\/facturation-electronique-2026-ce-qui-change-des-aujourdhui-pour-les-entreprises\/","title":{"rendered":"Facturation \u00e9lectronique 2026 : ce qui change d\u00e8s aujourd\u2019hui pour les entreprises"},"content":{"rendered":"\n<p>Le <strong>1er septembre 2026<\/strong> marque une \u00e9tape majeure dans la transformation de la facturation des entreprises fran\u00e7aises.<\/p>\n\n\n\n<p>\u00c0 compter de cette date, <strong>toutes les entreprises concern\u00e9es par la r\u00e9forme doivent \u00eatre capables de recevoir des factures \u00e9lectroniques<\/strong>, quelle que soit leur taille.<\/p>\n\n\n\n<p>Pour les grandes entreprises et les entreprises de taille interm\u00e9diaire \u2014 les ETI \u2014 l\u2019obligation va d\u00e9j\u00e0 plus loin : elles doivent \u00e9galement <strong>\u00e9mettre leurs factures \u00e9lectroniques<\/strong> et transmettre les donn\u00e9es concern\u00e9es par le <strong>e-reporting<\/strong>.<\/p>\n\n\n\n<p>Les PME et microentreprises disposent encore d\u2019un d\u00e9lai pour l\u2019\u00e9mission : leur obligation d\u00e9butera le <strong>1er septembre 2027<\/strong>.<\/p>\n\n\n\n<p>Mais r\u00e9duire cette r\u00e9forme \u00e0 un simple changement de format serait une erreur.<\/p>\n\n\n\n<p>Elle modifie progressivement la mani\u00e8re dont les factures et leurs donn\u00e9es circulent entre les entreprises, leurs logiciels de gestion et l\u2019administration.<\/p>\n\n\n\n<p>Et elle peut \u00e9galement repr\u00e9senter une occasion de <strong>moderniser et automatiser une partie de la gestion de l\u2019entreprise<\/strong>.<\/p>\n\n\n\n<hr class=\"wp-block-separator has-alpha-channel-opacity\"\/>\n\n\n\n<h2 class=\"wp-block-heading\">Ce qui devient obligatoire au 1er septembre 2026<\/h2>\n\n\n\n<p>Le calendrier fran\u00e7ais pr\u00e9voit deux grandes \u00e9tapes.<\/p>\n\n\n\n<h3 class=\"wp-block-heading\">D\u00e8s le 1er septembre 2026<\/h3>\n\n\n\n<p>Toutes les entreprises, quelle que soit leur taille, doivent pouvoir <strong>recevoir des factures \u00e9lectroniques<\/strong>, d\u00e8s lors que leur fournisseur est tenu ou choisit de les \u00e9mettre sous cette forme.<\/p>\n\n\n\n<p>\u00c0 cette m\u00eame date, les <strong>grandes entreprises et les ETI<\/strong> doivent \u00e9galement :<\/p>\n\n\n\n<ul class=\"wp-block-list\">\n<li>\u00e9mettre leurs factures au format \u00e9lectronique pour les op\u00e9rations concern\u00e9es ;<\/li>\n\n\n\n<li>transmettre certaines donn\u00e9es de transaction \u00e0 l&rsquo;administration ;<\/li>\n\n\n\n<li>transmettre, lorsque cela s&rsquo;applique, les donn\u00e9es de paiement correspondantes.<\/li>\n<\/ul>\n\n\n\n<h3 class=\"wp-block-heading\">\u00c0 partir du 1er septembre 2027<\/h3>\n\n\n\n<p>Les <strong>PME et microentreprises<\/strong> devront \u00e0 leur tour \u00eatre capables :<\/p>\n\n\n\n<ul class=\"wp-block-list\">\n<li>d&rsquo;\u00e9mettre leurs factures \u00e9lectroniques ;<\/li>\n\n\n\n<li>d&rsquo;effectuer le e-reporting correspondant \u00e0 leurs op\u00e9rations.<\/li>\n<\/ul>\n\n\n\n<p>Les microentrepreneurs et les entreprises b\u00e9n\u00e9ficiant de la franchise en base de TVA sont \u00e9galement concern\u00e9s par la r\u00e9forme : \u00eatre dispens\u00e9 du paiement de la TVA ne signifie pas \u00eatre exclu du dispositif.<\/p>\n\n\n\n<hr class=\"wp-block-separator has-alpha-channel-opacity\"\/>\n\n\n\n<h2 class=\"wp-block-heading\">Une facture PDF envoy\u00e9e par e-mail n&rsquo;est pas une facture \u00e9lectronique<\/h2>\n\n\n\n<p>C&rsquo;est probablement l&rsquo;une des confusions les plus importantes autour de cette r\u00e9forme.<\/p>\n\n\n\n<p>Une entreprise peut d\u00e9j\u00e0 :<\/p>\n\n\n\n<ol class=\"wp-block-list\">\n<li>cr\u00e9er une facture avec un logiciel ;<\/li>\n\n\n\n<li>l&rsquo;exporter en PDF ;<\/li>\n\n\n\n<li>l&rsquo;envoyer par e-mail \u00e0 son client.<\/li>\n<\/ol>\n\n\n\n<p>Tout est num\u00e9rique.<\/p>\n\n\n\n<p>Pourtant, <strong>cela ne suffit pas \u00e0 en faire une facture \u00e9lectronique au sens de la r\u00e9forme<\/strong>.<\/p>\n\n\n\n<p>Une facture \u00e9lectronique doit \u00eatre \u00e9mise, transmise et re\u00e7ue sous forme d\u00e9mat\u00e9rialis\u00e9e et comporter des <strong>donn\u00e9es structur\u00e9es<\/strong>, c&rsquo;est-\u00e0-dire directement exploitables par des logiciels. Un simple document image ou PDF envoy\u00e9 en pi\u00e8ce jointe ne r\u00e9pond donc pas, \u00e0 lui seul, \u00e0 ces exigences.<\/p>\n\n\n\n<p>C&rsquo;est une diff\u00e9rence essentielle.<\/p>\n\n\n\n<p>Nous ne passons pas simplement de :<\/p>\n\n\n\n<p><strong>papier \u2192 PDF<\/strong><\/p>\n\n\n\n<p>mais progressivement de :<\/p>\n\n\n\n<p><strong>document \u2192 donn\u00e9es structur\u00e9es et \u00e9change automatis\u00e9.<\/strong><\/p>\n\n\n\n<hr class=\"wp-block-separator has-alpha-channel-opacity\"\/>\n\n\n\n<h2 class=\"wp-block-heading\">Quelles op\u00e9rations sont concern\u00e9es ?<\/h2>\n\n\n\n<p>La facturation \u00e9lectronique, ou <strong>e-invoicing<\/strong>, concerne principalement les op\u00e9rations d&rsquo;achat et de vente de biens ou de prestations r\u00e9alis\u00e9es <strong>entre entreprises \u00e9tablies en France et assujetties \u00e0 la TVA fran\u00e7aise<\/strong>, lorsque les op\u00e9rations entrent dans le champ concern\u00e9 par la r\u00e9forme.<\/p>\n\n\n\n<p>Cela couvre donc une grande partie des \u00e9changes <strong>B2B domestiques<\/strong>.<\/p>\n\n\n\n<p>Pour d&rsquo;autres op\u00e9rations, le m\u00e9canisme peut \u00eatre diff\u00e9rent.<\/p>\n\n\n\n<p>Par exemple, lorsqu&rsquo;une entreprise vend \u00e0 des particuliers ou r\u00e9alise certaines op\u00e9rations avec des entreprises \u00e9tablies \u00e0 l&rsquo;\u00e9tranger, elle peut \u00eatre concern\u00e9e par le <strong>e-reporting<\/strong>, c&rsquo;est-\u00e0-dire la transmission \u00e0 l&rsquo;administration de certaines donn\u00e9es relatives aux transactions plut\u00f4t que la transmission d&rsquo;une facture \u00e9lectronique entre deux entreprises fran\u00e7aises.<\/p>\n\n\n\n<p>Il est donc important de ne pas confondre :<\/p>\n\n\n\n<p><strong>e-invoicing<\/strong> = \u00e9change de factures \u00e9lectroniques pour les op\u00e9rations concern\u00e9es ;<\/p>\n\n\n\n<p><strong>e-reporting<\/strong> = transmission de certaines donn\u00e9es \u00e0 l&rsquo;administration pour des op\u00e9rations qui ne passent pas n\u00e9cessairement par le circuit classique de la facture \u00e9lectronique.<\/p>\n\n\n\n<hr class=\"wp-block-separator has-alpha-channel-opacity\"\/>\n\n\n\n<h1 class=\"wp-block-heading\">Les plateformes agr\u00e9\u00e9es deviennent un \u00e9l\u00e9ment central<\/h1>\n\n\n\n<p>Une autre \u00e9volution importante concerne la mani\u00e8re dont les factures vont circuler.<\/p>\n\n\n\n<p>Les entreprises concern\u00e9es devront utiliser une <strong>plateforme agr\u00e9\u00e9e par l&rsquo;administration fiscale<\/strong> pour recevoir et transmettre leurs factures \u00e9lectroniques et, lorsque n\u00e9cessaire, transmettre les donn\u00e9es de e-reporting.<\/p>\n\n\n\n<p>Ces plateformes assurent l&rsquo;interm\u00e9diation entre les entreprises et la transmission des informations n\u00e9cessaires \u00e0 l&rsquo;administration.<\/p>\n\n\n\n<p>La DGFiP a publi\u00e9 en janvier 2026 une premi\u00e8re liste de <strong>101 plateformes agr\u00e9\u00e9es<\/strong>, apr\u00e8s r\u00e9alisation des contr\u00f4les et tests requis.<\/p>\n\n\n\n<p>Concr\u00e8tement, une facture pourra suivre un circuit ressemblant \u00e0 :<\/p>\n\n\n\n<p><strong>ERP de l&rsquo;entreprise<\/strong><br>\u2193<br><strong>Plateforme agr\u00e9\u00e9e de l&rsquo;\u00e9metteur<\/strong><br>\u2193<br><strong>Plateforme du destinataire<\/strong><br>\u2193<br><strong>ERP \/ logiciel du client<\/strong><\/p>\n\n\n\n<p>Une partie des donn\u00e9es n\u00e9cessaires est parall\u00e8lement transmise \u00e0 l&rsquo;administration.<\/p>\n\n\n\n<hr class=\"wp-block-separator has-alpha-channel-opacity\"\/>\n\n\n\n<h1 class=\"wp-block-heading\">Et votre ERP dans tout \u00e7a ?<\/h1>\n\n\n\n<p>C&rsquo;est probablement le point le plus important pour beaucoup de PME.<\/p>\n\n\n\n<p>L&rsquo;objectif ne devrait pas \u00eatre d&rsquo;ajouter un \u00e9ni\u00e8me logiciel entre votre ERP, votre comptabilit\u00e9 et vos clients.<\/p>\n\n\n\n<p>Un syst\u00e8me correctement int\u00e9gr\u00e9 peut au contraire permettre de conserver l&rsquo;ERP comme <strong>centre de gestion de l&rsquo;entreprise<\/strong>.<\/p>\n\n\n\n<p>Prenons un exemple.<\/p>\n\n\n\n<p>Un commercial cr\u00e9e un devis dans l&rsquo;ERP.<\/p>\n\n\n\n<p>Le client accepte.<\/p>\n\n\n\n<p>Le devis devient une commande.<\/p>\n\n\n\n<p>La commande permet de g\u00e9n\u00e9rer la facture.<\/p>\n\n\n\n<p>Les informations n\u00e9cessaires \u00e0 la facturation \u00e9lectronique peuvent ensuite \u00eatre transmises au syst\u00e8me connect\u00e9 \u00e0 la plateforme agr\u00e9\u00e9e.<\/p>\n\n\n\n<p>Le statut de la facture peut \u00eatre suivi.<\/p>\n\n\n\n<p>Puis les informations peuvent \u00eatre exploit\u00e9es par la comptabilit\u00e9.<\/p>\n\n\n\n<p>On obtient alors quelque chose comme :<\/p>\n\n\n\n<p><strong>Client \u2192 Devis \u2192 Commande \u2192 Facture \u2192 Plateforme agr\u00e9\u00e9e \u2192 Suivi \u2192 Comptabilit\u00e9<\/strong><\/p>\n\n\n\n<p>au lieu de :<\/p>\n\n\n\n<p><strong>Devis \u2192 copier \u2192 Word \u2192 exporter en PDF \u2192 envoyer par mail \u2192 saisir ailleurs \u2192 v\u00e9rifier manuellement.<\/strong><\/p>\n\n\n\n<p>C&rsquo;est l\u00e0 que la r\u00e9forme commence \u00e0 devenir int\u00e9ressante.<\/p>\n\n\n\n<hr class=\"wp-block-separator has-alpha-channel-opacity\"\/>\n\n\n\n<h1 class=\"wp-block-heading\">La conformit\u00e9 peut aussi devenir une occasion d&rsquo;automatiser<\/h1>\n\n\n\n<p>La facturation \u00e9lectronique repr\u00e9sente \u00e9videmment une contrainte r\u00e9glementaire.<\/p>\n\n\n\n<p>Mais elle peut aussi devenir le d\u00e9clencheur d&rsquo;une r\u00e9flexion plus large.<\/p>\n\n\n\n<p>Combien de fois les m\u00eames informations sont-elles saisies dans votre entreprise ?<\/p>\n\n\n\n<p>Combien de donn\u00e9es passent encore manuellement d&rsquo;un logiciel \u00e0 l&rsquo;autre ?<\/p>\n\n\n\n<p>Combien de factures sont envoy\u00e9es une par une ?<\/p>\n\n\n\n<p>Combien de personnes doivent v\u00e9rifier manuellement si un document a bien \u00e9t\u00e9 envoy\u00e9, re\u00e7u ou trait\u00e9 ?<\/p>\n\n\n\n<p>Lorsqu&rsquo;un ERP, la facturation et les autres outils sont correctement int\u00e9gr\u00e9s, certaines de ces \u00e9tapes peuvent dispara\u00eetre.<\/p>\n\n\n\n<p>L&rsquo;entreprise peut alors viser :<\/p>\n\n\n\n<p><strong>moins de doubles saisies<\/strong>, <strong>moins d&rsquo;erreurs manuelles<\/strong>, <strong>une meilleure tra\u00e7abilit\u00e9<\/strong>, <strong>un suivi centralis\u00e9<\/strong> et <strong>davantage d&rsquo;automatisation<\/strong>.<\/p>\n\n\n\n<p>Le minist\u00e8re de l&rsquo;\u00c9conomie pr\u00e9sente lui-m\u00eame la r\u00e9forme comme un levier potentiel de simplification, avec notamment une acc\u00e9l\u00e9ration des \u00e9changes et un meilleur suivi du traitement des factures.<\/p>\n\n\n\n<hr class=\"wp-block-separator has-alpha-channel-opacity\"\/>\n\n\n\n<h1 class=\"wp-block-heading\">PME et TPE : pourquoi agir maintenant si l&rsquo;\u00e9mission n&rsquo;est obligatoire qu&rsquo;en 2027 ?<\/h1>\n\n\n\n<p>Une PME pourrait \u00eatre tent\u00e9e de penser :<\/p>\n\n\n\n<blockquote class=\"wp-block-quote is-layout-flow wp-block-quote-is-layout-flow\">\n<p>\u00ab Nous avons encore un an. Nous verrons \u00e7a en 2027. \u00bb<\/p>\n<\/blockquote>\n\n\n\n<p>Mais depuis le <strong>1er septembre 2026<\/strong>, elle est d\u00e9j\u00e0 concern\u00e9e par la <strong>r\u00e9ception<\/strong>.<\/p>\n\n\n\n<p>Et surtout, adapter un syst\u00e8me d&rsquo;information ne consiste pas uniquement \u00e0 activer une option quelques jours avant la date limite.<\/p>\n\n\n\n<p>Il peut \u00eatre n\u00e9cessaire de :<\/p>\n\n\n\n<ul class=\"wp-block-list\">\n<li>nettoyer et structurer les donn\u00e9es clients et fournisseurs ;<\/li>\n\n\n\n<li>revoir le fonctionnement de la facturation ;<\/li>\n\n\n\n<li>choisir une plateforme agr\u00e9\u00e9e ;<\/li>\n\n\n\n<li>v\u00e9rifier la compatibilit\u00e9 de l&rsquo;ERP ou du logiciel existant ;<\/li>\n\n\n\n<li>d\u00e9velopper ou configurer une int\u00e9gration ;<\/li>\n\n\n\n<li>tester les \u00e9changes ;<\/li>\n\n\n\n<li>former les utilisateurs ;<\/li>\n\n\n\n<li>adapter les processus comptables ;<\/li>\n\n\n\n<li>v\u00e9rifier le traitement du e-reporting.<\/li>\n<\/ul>\n\n\n\n<p>Pour une entreprise utilisant encore principalement Excel, Word, des PDF et plusieurs logiciels ind\u00e9pendants, la transition peut \u00eatre plus importante.<\/p>\n\n\n\n<p><strong>Septembre 2026 est donc un bon moment pour commencer, m\u00eame lorsque l&rsquo;obligation d&rsquo;\u00e9mission n&rsquo;arrive qu&rsquo;en septembre 2027.<\/strong><\/p>\n\n\n\n<hr class=\"wp-block-separator has-alpha-channel-opacity\"\/>\n\n\n\n<h1 class=\"wp-block-heading\">Faut-il changer d&rsquo;ERP ?<\/h1>\n\n\n\n<p>Pas n\u00e9cessairement.<\/p>\n\n\n\n<p>La bonne question n&rsquo;est pas :<\/p>\n\n\n\n<p><strong>\u00ab Mon ERP est-il ancien ? \u00bb<\/strong><\/p>\n\n\n\n<p>mais :<\/p>\n\n\n\n<p><strong>\u00ab Mon syst\u00e8me actuel est-il capable de s&rsquo;int\u00e9grer correctement aux nouveaux flux ? \u00bb<\/strong><\/p>\n\n\n\n<p>Selon la situation, trois sc\u00e9narios peuvent \u00eatre pertinents.<\/p>\n\n\n\n<p>Un ERP existant peut \u00eatre conserv\u00e9 et connect\u00e9.<\/p>\n\n\n\n<p>Un syst\u00e8me peut n\u00e9cessiter une \u00e9volution ou un connecteur compl\u00e9mentaire.<\/p>\n\n\n\n<p>Ou l&rsquo;entreprise peut profiter de la r\u00e9forme pour remplacer un ensemble d&rsquo;outils dispers\u00e9s par un ERP plus structur\u00e9.<\/p>\n\n\n\n<p>Changer de logiciel uniquement parce qu&rsquo;une r\u00e9forme arrive n&rsquo;est pas forc\u00e9ment pertinent.<\/p>\n\n\n\n<p>En revanche, si votre processus actuel repose sur <strong>des ressaisies permanentes, des fichiers Excel multiples et des logiciels qui ne communiquent pas<\/strong>, la r\u00e9forme est une excellente occasion de remettre le sujet \u00e0 plat.<\/p>\n\n\n\n<hr class=\"wp-block-separator has-alpha-channel-opacity\"\/>\n\n\n\n<h1 class=\"wp-block-heading\">Comment APT Informa peut vous accompagner<\/h1>\n\n\n\n<p>Chez <strong>APT Informa<\/strong>, nous consid\u00e9rons la facturation \u00e9lectronique comme une probl\u00e9matique qui d\u00e9passe la simple cr\u00e9ation d&rsquo;une facture.<\/p>\n\n\n\n<p>Elle concerne l&rsquo;ensemble du processus :<\/p>\n\n\n\n<p><strong>devis \u2192 commande \u2192 facturation \u2192 \u00e9changes \u00e9lectroniques \u2192 suivi \u2192 comptabilit\u00e9.<\/strong><\/p>\n\n\n\n<p>Nous pouvons accompagner les TPE et PME dans l&rsquo;analyse de leur fonctionnement actuel, la mise en place ou l&rsquo;\u00e9volution de leur ERP, l&rsquo;automatisation de leurs processus et l&rsquo;int\u00e9gration avec l&rsquo;\u00e9cosyst\u00e8me de facturation \u00e9lectronique.<\/p>\n\n\n\n<p>Les solutions ERP mises en place par <strong>APT Informa<\/strong> peuvent \u00eatre pr\u00e9par\u00e9es pour g\u00e9rer le cycle de facturation et \u00eatre int\u00e9gr\u00e9es aux <strong>plateformes agr\u00e9\u00e9es<\/strong>, selon la solution et les interfaces retenues.<\/p>\n\n\n\n<p>Notre objectif n&rsquo;est donc pas uniquement de permettre \u00e0 une entreprise de cocher une case r\u00e9glementaire.<\/p>\n\n\n\n<p>Il est de profiter de cette transformation pour construire une gestion :<\/p>\n\n\n\n<p><strong>plus simple, plus centralis\u00e9e, plus automatis\u00e9e et plus facilement maintenable.<\/strong><\/p>\n\n\n\n<hr class=\"wp-block-separator has-alpha-channel-opacity\"\/>\n\n\n\n<h1 class=\"wp-block-heading\">Ce qu&rsquo;il faut retenir<\/h1>\n\n\n\n<p>Le <strong>1er septembre 2026 n&rsquo;est pas simplement une nouvelle \u00e9ch\u00e9ance administrative<\/strong>.<\/p>\n\n\n\n<p>C&rsquo;est le d\u00e9but d&rsquo;un changement profond dans la circulation des donn\u00e9es de facturation entre entreprises.<\/p>\n\n\n\n<p>Depuis cette date :<\/p>\n\n\n\n<p><strong>toutes les entreprises doivent \u00eatre capables de recevoir des factures \u00e9lectroniques ;<\/strong><\/p>\n\n\n\n<p><strong>les grandes entreprises et ETI doivent \u00e9galement les \u00e9mettre et respecter leurs nouvelles obligations de transmission ;<\/strong><\/p>\n\n\n\n<p><strong>les PME et microentreprises passeront \u00e0 l&rsquo;\u00e9mission obligatoire au 1er septembre 2027.<\/strong><\/p>\n\n\n\n<p>La question \u00e0 poser aujourd&rsquo;hui n&rsquo;est donc plus :<\/p>\n\n\n\n<p><strong>\u00ab Est-ce que la facturation \u00e9lectronique va arriver ? \u00bb<\/strong><\/p>\n\n\n\n<p>Elle est d\u00e9j\u00e0 l\u00e0.<\/p>\n\n\n\n<p>La bonne question devient :<\/p>\n\n\n\n<h2 class=\"wp-block-heading\"><strong>\u00ab Notre syst\u00e8me de gestion est-il pr\u00eat ? \u00bb<\/strong><\/h2>\n\n\n\n<hr class=\"wp-block-separator has-alpha-channel-opacity\"\/>\n\n\n\n<h3 class=\"wp-block-heading\">Votre entreprise est-elle pr\u00eate pour la facturation \u00e9lectronique ?<\/h3>\n\n\n\n<p><strong>APT Informa vous accompagne dans la mise en place ou l&rsquo;\u00e9volution de votre ERP, l&rsquo;automatisation de votre cycle de facturation et son int\u00e9gration avec une plateforme agr\u00e9\u00e9e.<\/strong><\/p>\n\n\n\n<p><strong>Contactez APT Informa pour \u00e9tudier votre organisation actuelle et pr\u00e9parer votre transition vers la facturation \u00e9lectronique.<\/strong><\/p>\n","protected":false},"excerpt":{"rendered":"<p>Depuis le 1er septembre 2026, toutes les entreprises doivent pouvoir recevoir des factures \u00e9lectroniques. D\u00e9couvrez ce que cette r\u00e9forme change concr\u00e8tement pour les TPE et PME, le r\u00f4le des plateformes agr\u00e9\u00e9es et comment pr\u00e9parer votre ERP \u00e0 cette nouvelle organisation.<\/p>\n","protected":false},"author":1,"featured_media":50,"comment_status":"open","ping_status":"open","sticky":false,"template":"","format":"standard","meta":{"footnotes":""},"categories":[6,11,9],"tags":[35,84,85,86,90,83,19,87,88,14,65],"class_list":["post-49","post","type-post","status-publish","format-standard","has-post-thumbnail","hentry","category-automatisation","category-commercants-artisans","category-organisation","tag-automatisation","tag-e-invoicing","tag-e-reporting","tag-erp","tag-facturation-2026","tag-facturation-electronique","tag-gestion-dentreprise","tag-plateforme-agreee","tag-pme","tag-tpe","tag-transformation-numerique"],"_links":{"self":[{"href":"https:\/\/www.aptinforma.com\/blog\/wp-json\/wp\/v2\/posts\/49","targetHints":{"allow":["GET"]}}],"collection":[{"href":"https:\/\/www.aptinforma.com\/blog\/wp-json\/wp\/v2\/posts"}],"about":[{"href":"https:\/\/www.aptinforma.com\/blog\/wp-json\/wp\/v2\/types\/post"}],"author":[{"embeddable":true,"href":"https:\/\/www.aptinforma.com\/blog\/wp-json\/wp\/v2\/users\/1"}],"replies":[{"embeddable":true,"href":"https:\/\/www.aptinforma.com\/blog\/wp-json\/wp\/v2\/comments?post=49"}],"version-history":[{"count":1,"href":"https:\/\/www.aptinforma.com\/blog\/wp-json\/wp\/v2\/posts\/49\/revisions"}],"predecessor-version":[{"id":51,"href":"https:\/\/www.aptinforma.com\/blog\/wp-json\/wp\/v2\/posts\/49\/revisions\/51"}],"wp:featuredmedia":[{"embeddable":true,"href":"https:\/\/www.aptinforma.com\/blog\/wp-json\/wp\/v2\/media\/50"}],"wp:attachment":[{"href":"https:\/\/www.aptinforma.com\/blog\/wp-json\/wp\/v2\/media?parent=49"}],"wp:term":[{"taxonomy":"category","embeddable":true,"href":"https:\/\/www.aptinforma.com\/blog\/wp-json\/wp\/v2\/categories?post=49"},{"taxonomy":"post_tag","embeddable":true,"href":"https:\/\/www.aptinforma.com\/blog\/wp-json\/wp\/v2\/tags?post=49"}],"curies":[{"name":"wp","href":"https:\/\/api.w.org\/{rel}","templated":true}]}}