{"id":46,"date":"2026-08-25T10:31:00","date_gmt":"2026-08-25T10:31:00","guid":{"rendered":"https:\/\/aptinforma.com\/blog\/?p=46"},"modified":"2026-07-16T10:45:33","modified_gmt":"2026-07-16T10:45:33","slug":"diplome-experience-ou-portfolio-quest-ce-qui-compte-vraiment-en-2026","status":"publish","type":"post","link":"https:\/\/www.aptinforma.com\/blog\/diplome-experience-ou-portfolio-quest-ce-qui-compte-vraiment-en-2026\/","title":{"rendered":"Dipl\u00f4me, exp\u00e9rience ou portfolio : qu\u2019est-ce qui compte vraiment en 2026 ?"},"content":{"rendered":"\n<p>Pendant longtemps, le parcours professionnel semblait suivre une logique relativement simple : obtenir un dipl\u00f4me, trouver un premier emploi, accumuler de l\u2019exp\u00e9rience, puis progresser gr\u00e2ce aux postes occup\u00e9s.<\/p>\n\n\n\n<p>Cette logique existe toujours. Mais elle ne suffit plus \u00e0 d\u00e9crire la r\u00e9alit\u00e9 du recrutement en 2026.<\/p>\n\n\n\n<p>Les m\u00e9tiers \u00e9voluent rapidement, de nouvelles sp\u00e9cialisations apparaissent et certaines comp\u00e9tences peuvent perdre de leur valeur en quelques ann\u00e9es. Le Forum \u00e9conomique mondial estime que 39 % des comp\u00e9tences fondamentales utilis\u00e9es dans le travail devraient \u00e9voluer d\u2019ici 2030. Dans le m\u00eame temps, les employeurs cherchent davantage \u00e0 \u00e9valuer les comp\u00e9tences r\u00e9ellement mobilisables par les candidats.<\/p>\n\n\n\n<p>Selon le&nbsp;<em>Future of Jobs Report 2025<\/em>, 81 % des employeurs interrog\u00e9s pr\u00e9voient de continuer \u00e0 prendre en compte l\u2019exp\u00e9rience professionnelle pour \u00e9valuer les candidats, contre 43 % pour l\u2019obtention d\u2019un dipl\u00f4me universitaire. Ces r\u00e9sultats ne signifient pas que les dipl\u00f4mes sont devenus inutiles. Ils montrent surtout qu\u2019une qualification ne constitue plus toujours une preuve suffisante lorsqu\u2019elle n\u2019est pas accompagn\u00e9e d\u2019une capacit\u00e9 pratique.<\/p>\n\n\n\n<p>Faut-il alors privil\u00e9gier le dipl\u00f4me, l\u2019exp\u00e9rience ou le portfolio ?<\/p>\n\n\n\n<p>En r\u00e9alit\u00e9, ces trois \u00e9l\u00e9ments ne r\u00e9pondent pas \u00e0 la m\u00eame question :<\/p>\n\n\n\n<ul class=\"wp-block-list\">\n<li>le\u00a0<strong>dipl\u00f4me<\/strong>\u00a0montre principalement ce qu\u2019une personne a \u00e9tudi\u00e9 et valid\u00e9 ;<\/li>\n\n\n\n<li>l\u2019<strong>exp\u00e9rience<\/strong>\u00a0indique les situations professionnelles auxquelles elle a d\u00e9j\u00e0 \u00e9t\u00e9 confront\u00e9e ;<\/li>\n\n\n\n<li>le\u00a0<strong>portfolio<\/strong>\u00a0apporte des exemples concrets de ce qu\u2019elle sait produire.<\/li>\n<\/ul>\n\n\n\n<p>La v\u00e9ritable question n\u2019est donc pas de choisir un gagnant entre les trois.<\/p>\n\n\n\n<p>Il faut d\u00e9terminer quelles preuves permettent de v\u00e9rifier qu\u2019une personne pourra r\u00e9ussir dans un poste pr\u00e9cis.<\/p>\n\n\n\n<h2 class=\"wp-block-heading\">Le recrutement cherche avant tout \u00e0 r\u00e9duire l\u2019incertitude<\/h2>\n\n\n\n<p>Un recruteur ne peut jamais conna\u00eetre parfaitement un candidat avant de l\u2019avoir vu travailler.<\/p>\n\n\n\n<p>Un client rencontre la m\u00eame difficult\u00e9 lorsqu\u2019il choisit un ind\u00e9pendant, un consultant ou une entreprise. Il doit prendre une d\u00e9cision sans pouvoir garantir que la prestation correspondra exactement \u00e0 ses attentes.<\/p>\n\n\n\n<p>Chacun cherche donc \u00e0 r\u00e9duire plusieurs incertitudes :<\/p>\n\n\n\n<ul class=\"wp-block-list\">\n<li>la personne poss\u00e8de-t-elle les connaissances n\u00e9cessaires ?<\/li>\n\n\n\n<li>sait-elle les appliquer dans une situation r\u00e9elle ?<\/li>\n\n\n\n<li>comprend-elle les contraintes du m\u00e9tier ?<\/li>\n\n\n\n<li>peut-elle travailler avec d\u2019autres personnes ?<\/li>\n\n\n\n<li>sait-elle apprendre et s\u2019adapter ?<\/li>\n\n\n\n<li>peut-elle produire un r\u00e9sultat de qualit\u00e9 ?<\/li>\n\n\n\n<li>peut-elle expliquer et d\u00e9fendre ses d\u00e9cisions ?<\/li>\n\n\n\n<li>tiendra-t-elle ses engagements ?<\/li>\n<\/ul>\n\n\n\n<p>Le dipl\u00f4me, l\u2019exp\u00e9rience et le portfolio constituent trois signaux diff\u00e9rents permettant de r\u00e9pondre \u00e0 ces interrogations.<\/p>\n\n\n\n<p>Le probl\u00e8me appara\u00eet lorsque l\u2019un de ces signaux est consid\u00e9r\u00e9 comme une preuve absolue.<\/p>\n\n\n\n<p>Un dipl\u00f4me ne garantit pas automatiquement la ma\u00eetrise pratique.<\/p>\n\n\n\n<p>Dix ann\u00e9es d\u2019exp\u00e9rience ne repr\u00e9sentent pas n\u00e9cessairement dix ann\u00e9es de progression.<\/p>\n\n\n\n<p>Un portfolio visuellement impressionnant ne prouve pas que son propri\u00e9taire ma\u00eetrise r\u00e9ellement le travail pr\u00e9sent\u00e9.<\/p>\n\n\n\n<p>Une \u00e9valuation s\u00e9rieuse doit donc croiser plusieurs \u00e9l\u00e9ments.<\/p>\n\n\n\n<h1 class=\"wp-block-heading\">Le dipl\u00f4me : une fondation qui reste importante<\/h1>\n\n\n\n<p>L\u2019id\u00e9e selon laquelle les dipl\u00f4mes ne serviraient plus \u00e0 rien est largement exag\u00e9r\u00e9e.<\/p>\n\n\n\n<p>Le d\u00e9veloppement du recrutement fond\u00e9 sur les comp\u00e9tences ne signifie pas que les formations et les qualifications doivent dispara\u00eetre. L\u2019OCDE pr\u00e9sente plut\u00f4t les comp\u00e9tences d\u00e9montr\u00e9es comme l\u2019indicateur principal des capacit\u00e9s d\u2019une personne, tandis que les qualifications formelles deviennent des signaux compl\u00e9mentaires au lieu de constituer syst\u00e9matiquement des barri\u00e8res d\u2019entr\u00e9e.<\/p>\n\n\n\n<h2 class=\"wp-block-heading\">Le dipl\u00f4me valide un socle de connaissances<\/h2>\n\n\n\n<p>Une formation structur\u00e9e permet g\u00e9n\u00e9ralement d\u2019acqu\u00e9rir :<\/p>\n\n\n\n<ul class=\"wp-block-list\">\n<li>des bases th\u00e9oriques ;<\/li>\n\n\n\n<li>une m\u00e9thode de travail ;<\/li>\n\n\n\n<li>un vocabulaire professionnel ;<\/li>\n\n\n\n<li>une capacit\u00e9 \u00e0 rechercher et organiser l\u2019information ;<\/li>\n\n\n\n<li>une compr\u00e9hension globale du domaine ;<\/li>\n\n\n\n<li>des connaissances difficiles \u00e0 acqu\u00e9rir uniquement par essais et erreurs.<\/li>\n<\/ul>\n\n\n\n<p>Dans certains m\u00e9tiers, ces fondations sont indispensables pour comprendre les cons\u00e9quences d\u2019une d\u00e9cision.<\/p>\n\n\n\n<p>Un d\u00e9veloppeur peut apprendre seul \u00e0 cr\u00e9er une application. Une formation plus compl\u00e8te peut n\u00e9anmoins lui permettre de mieux comprendre l\u2019algorithmique, l\u2019architecture logicielle, les bases de donn\u00e9es, les r\u00e9seaux ou la cybers\u00e9curit\u00e9.<\/p>\n\n\n\n<p>Une personne peut apprendre \u00e0 utiliser un logiciel de gestion sans ma\u00eetriser toutes les r\u00e8gles comptables, financi\u00e8res ou juridiques qui donnent du sens aux donn\u00e9es manipul\u00e9es.<\/p>\n\n\n\n<p>Le dipl\u00f4me ne prouve pas tout. Mais il peut d\u00e9montrer que le candidat a suivi un parcours structur\u00e9 et valid\u00e9 un ensemble coh\u00e9rent de connaissances.<\/p>\n\n\n\n<h2 class=\"wp-block-heading\">Le dipl\u00f4me reste indispensable dans certaines professions<\/h2>\n\n\n\n<p>Toutes les activit\u00e9s ne peuvent pas \u00eatre exerc\u00e9es uniquement sur la base d\u2019un portfolio ou d\u2019une exp\u00e9rience personnelle.<\/p>\n\n\n\n<p>Une activit\u00e9 r\u00e9glement\u00e9e est soumise \u00e0 des conditions particuli\u00e8res d\u2019acc\u00e8s ou d\u2019exercice. Selon le m\u00e9tier, il peut \u00eatre n\u00e9cessaire de poss\u00e9der un dipl\u00f4me, une qualification professionnelle, une autorisation ou une inscription aupr\u00e8s d\u2019un organisme comp\u00e9tent.<\/p>\n\n\n\n<p>Cette situation concerne notamment certaines professions :<\/p>\n\n\n\n<ul class=\"wp-block-list\">\n<li>m\u00e9dicales et param\u00e9dicales ;<\/li>\n\n\n\n<li>juridiques ;<\/li>\n\n\n\n<li>comptables ;<\/li>\n\n\n\n<li>artisanales ;<\/li>\n\n\n\n<li>techniques ;<\/li>\n\n\n\n<li>li\u00e9es \u00e0 la s\u00e9curit\u00e9 ;<\/li>\n\n\n\n<li>soumises \u00e0 un ordre professionnel.<\/li>\n<\/ul>\n\n\n\n<p>Dans ces secteurs, la question \u00ab dipl\u00f4me ou exp\u00e9rience ? \u00bb peut \u00eatre mal pos\u00e9e.<\/p>\n\n\n\n<p>La qualification constitue parfois une obligation l\u00e9gale et non une pr\u00e9f\u00e9rence du recruteur.<\/p>\n\n\n\n<p>Une personne peut disposer d\u2019une grande exp\u00e9rience ou de r\u00e9alisations remarquables sans \u00eatre autoris\u00e9e \u00e0 exercer une profession r\u00e9glement\u00e9e si elle ne remplit pas les conditions pr\u00e9vues.<\/p>\n\n\n\n<h2 class=\"wp-block-heading\">Le dipl\u00f4me facilite l\u2019acc\u00e8s au premier emploi<\/h2>\n\n\n\n<p>Pour un candidat qui poss\u00e8de encore peu d\u2019exp\u00e9rience, la formation constitue l\u2019un des principaux \u00e9l\u00e9ments disponibles pour \u00e9valuer son niveau initial.<\/p>\n\n\n\n<p>Le dipl\u00f4me peut notamment permettre :<\/p>\n\n\n\n<ul class=\"wp-block-list\">\n<li>d\u2019obtenir un premier entretien ;<\/li>\n\n\n\n<li>de rassurer sur les connaissances fondamentales ;<\/li>\n\n\n\n<li>d\u2019acc\u00e9der \u00e0 certaines fonctions ;<\/li>\n\n\n\n<li>de r\u00e9pondre aux exigences d\u2019un client ;<\/li>\n\n\n\n<li>de poursuivre vers une sp\u00e9cialisation ;<\/li>\n\n\n\n<li>d\u2019\u00eatre positionn\u00e9 dans une classification professionnelle.<\/li>\n<\/ul>\n\n\n\n<p>Mais le dipl\u00f4me ne garantit plus une insertion rapide.<\/p>\n\n\n\n<p>L\u2019Apec constatait qu\u2019en 2025, les recrutements de cadres d\u00e9butants devaient diminuer de 16 %, apr\u00e8s une baisse de 19 % en 2024. Parmi les titulaires d\u2019un Bac +5 dipl\u00f4m\u00e9s en 2024, 84 % jugeaient leur recherche d\u2019emploi difficile et 57 % avaient envoy\u00e9 plus de trente candidatures pour obtenir leur poste.<\/p>\n\n\n\n<p>Dans un march\u00e9 plus s\u00e9lectif, le dipl\u00f4me permet donc d\u2019entrer dans la comp\u00e9tition, mais il ne suffit plus toujours \u00e0 se diff\u00e9rencier.<\/p>\n\n\n\n<h2 class=\"wp-block-heading\">Les limites du dipl\u00f4me<\/h2>\n\n\n\n<p>Un dipl\u00f4me indique principalement qu\u2019une personne a valid\u00e9 un programme \u00e0 une p\u00e9riode donn\u00e9e.<\/p>\n\n\n\n<p>Il ne d\u00e9montre pas automatiquement :<\/p>\n\n\n\n<ul class=\"wp-block-list\">\n<li>la qualit\u00e9 de son travail aujourd\u2019hui ;<\/li>\n\n\n\n<li>son niveau d\u2019autonomie ;<\/li>\n\n\n\n<li>sa capacit\u00e9 \u00e0 g\u00e9rer un client ;<\/li>\n\n\n\n<li>son comportement dans une \u00e9quipe ;<\/li>\n\n\n\n<li>son aptitude \u00e0 r\u00e9soudre une situation impr\u00e9vue ;<\/li>\n\n\n\n<li>sa ma\u00eetrise des outils les plus r\u00e9cents ;<\/li>\n\n\n\n<li>les r\u00e9sultats qu\u2019elle peut produire.<\/li>\n<\/ul>\n\n\n\n<p>Dans les secteurs qui \u00e9voluent rapidement, certaines connaissances peuvent \u00e9galement devenir moins importantes ou n\u00e9cessiter une mise \u00e0 jour.<\/p>\n\n\n\n<p>La formation initiale reste donc une fondation. Elle doit \u00eatre compl\u00e9t\u00e9e par la pratique, la veille et la formation continue.<\/p>\n\n\n\n<h1 class=\"wp-block-heading\">L\u2019exp\u00e9rience : la preuve de la confrontation au r\u00e9el<\/h1>\n\n\n\n<p>L\u2019exp\u00e9rience professionnelle rassure parce qu\u2019elle montre qu\u2019une personne a d\u00e9j\u00e0 travaill\u00e9 dans des conditions qui ne peuvent pas toujours \u00eatre reproduites pendant une formation.<\/p>\n\n\n\n<p>Un professionnel exp\u00e9riment\u00e9 a normalement \u00e9t\u00e9 confront\u00e9 \u00e0 diff\u00e9rents \u00e9l\u00e9ments :<\/p>\n\n\n\n<ul class=\"wp-block-list\">\n<li>des d\u00e9lais ;<\/li>\n\n\n\n<li>des demandes incompl\u00e8tes ;<\/li>\n\n\n\n<li>des clients exigeants ;<\/li>\n\n\n\n<li>des erreurs ;<\/li>\n\n\n\n<li>des contraintes budg\u00e9taires ;<\/li>\n\n\n\n<li>des changements de priorit\u00e9 ;<\/li>\n\n\n\n<li>des outils imparfaits ;<\/li>\n\n\n\n<li>des d\u00e9saccords ;<\/li>\n\n\n\n<li>des d\u00e9cisions prises avec des informations limit\u00e9es.<\/li>\n<\/ul>\n\n\n\n<p>L\u2019exp\u00e9rience permet donc d\u2019\u00e9valuer autre chose que les connaissances th\u00e9oriques.<\/p>\n\n\n\n<p>Elle montre qu\u2019une personne a d\u00e9j\u00e0 d\u00fb produire un r\u00e9sultat dans un environnement r\u00e9el.<\/p>\n\n\n\n<h2 class=\"wp-block-heading\">L\u2019exp\u00e9rience ne se r\u00e9sume pas au nombre d\u2019ann\u00e9es<\/h2>\n\n\n\n<p>Deux candidats peuvent annoncer cinq ann\u00e9es d\u2019exp\u00e9rience et poss\u00e9der des niveaux tr\u00e8s diff\u00e9rents.<\/p>\n\n\n\n<p>Le premier peut avoir :<\/p>\n\n\n\n<ul class=\"wp-block-list\">\n<li>particip\u00e9 \u00e0 plusieurs projets ;<\/li>\n\n\n\n<li>assum\u00e9 des responsabilit\u00e9s croissantes ;<\/li>\n\n\n\n<li>appris de nouvelles m\u00e9thodes ;<\/li>\n\n\n\n<li>r\u00e9solu des probl\u00e8mes complexes ;<\/li>\n\n\n\n<li>encadr\u00e9 des coll\u00e8gues ;<\/li>\n\n\n\n<li>obtenu des r\u00e9sultats mesurables.<\/li>\n<\/ul>\n\n\n\n<p>Le second peut avoir reproduit pendant cinq ans les m\u00eames t\u00e2ches, sans v\u00e9ritable \u00e9volution de ses responsabilit\u00e9s.<\/p>\n\n\n\n<p>L\u2019anciennet\u00e9 ne doit donc pas \u00eatre automatiquement confondue avec la comp\u00e9tence.<\/p>\n\n\n\n<p>Le nombre d\u2019ann\u00e9es donne une indication. Il ne d\u00e9crit ni la complexit\u00e9 des missions, ni le degr\u00e9 d\u2019autonomie, ni la qualit\u00e9 du travail.<\/p>\n\n\n\n<h2 class=\"wp-block-heading\">L\u2019intitul\u00e9 du poste ne constitue pas une preuve suffisante<\/h2>\n\n\n\n<p>Les intitul\u00e9s professionnels peuvent \u00e9galement masquer des r\u00e9alit\u00e9s tr\u00e8s diff\u00e9rentes.<\/p>\n\n\n\n<p>Le m\u00eame titre de \u00ab chef de projet \u00bb peut d\u00e9signer :<\/p>\n\n\n\n<ul class=\"wp-block-list\">\n<li>une personne charg\u00e9e de suivre un planning ;<\/li>\n\n\n\n<li>un professionnel coordonnant quelques intervenants ;<\/li>\n\n\n\n<li>un responsable g\u00e9rant le budget, les risques et la relation client ;<\/li>\n\n\n\n<li>un directeur supervisant plusieurs \u00e9quipes internationales.<\/li>\n<\/ul>\n\n\n\n<p>Le recruteur doit donc chercher \u00e0 comprendre ce que le candidat a r\u00e9ellement accompli.<\/p>\n\n\n\n<p>Les questions les plus utiles portent sur :<\/p>\n\n\n\n<ul class=\"wp-block-list\">\n<li>les responsabilit\u00e9s exactes ;<\/li>\n\n\n\n<li>la taille et la dur\u00e9e des projets ;<\/li>\n\n\n\n<li>les d\u00e9cisions prises ;<\/li>\n\n\n\n<li>les probl\u00e8mes rencontr\u00e9s ;<\/li>\n\n\n\n<li>les personnes impliqu\u00e9es ;<\/li>\n\n\n\n<li>les r\u00e9sultats obtenus ;<\/li>\n\n\n\n<li>les enseignements tir\u00e9s.<\/li>\n<\/ul>\n\n\n\n<p>L\u2019exp\u00e9rience devient convaincante lorsqu\u2019elle est expliqu\u00e9e, contextualis\u00e9e et reli\u00e9e \u00e0 des r\u00e9sultats.<\/p>\n\n\n\n<h2 class=\"wp-block-heading\">L\u2019alternance combine formation et exp\u00e9rience<\/h2>\n\n\n\n<p>L\u2019alternance occupe une position particuli\u00e8rement int\u00e9ressante puisqu\u2019elle associe un parcours acad\u00e9mique \u00e0 une immersion professionnelle.<\/p>\n\n\n\n<p>Une \u00e9tude de l\u2019Apec indique que les dipl\u00f4m\u00e9s du sup\u00e9rieur pass\u00e9s par l\u2019alternance se sentent mieux pr\u00e9par\u00e9s \u00e0 entrer dans la vie active et consid\u00e8rent leur exp\u00e9rience en entreprise comme un moyen important de se diff\u00e9rencier. L\u2019\u00e9tude relevait \u00e9galement une proportion plus \u00e9lev\u00e9e d\u2019acc\u00e8s \u00e0 un CDI chez les alternants interrog\u00e9s que chez les dipl\u00f4m\u00e9s non alternants.<\/p>\n\n\n\n<p>L\u2019alternance ne garantit pas que toutes les exp\u00e9riences seront enrichissantes. Mais elle permet au candidat de pr\u00e9senter \u00e0 la fois :<\/p>\n\n\n\n<ul class=\"wp-block-list\">\n<li>une qualification ;<\/li>\n\n\n\n<li>des situations professionnelles ;<\/li>\n\n\n\n<li>des premiers r\u00e9sultats ;<\/li>\n\n\n\n<li>des r\u00e9f\u00e9rences ;<\/li>\n\n\n\n<li>une meilleure connaissance du fonctionnement d\u2019une entreprise.<\/li>\n<\/ul>\n\n\n\n<h1 class=\"wp-block-heading\">Le portfolio : montrer plut\u00f4t qu\u2019affirmer<\/h1>\n\n\n\n<p>Le portfolio a longtemps \u00e9t\u00e9 associ\u00e9 aux m\u00e9tiers de la cr\u00e9ation :<\/p>\n\n\n\n<ul class=\"wp-block-list\">\n<li>graphisme ;<\/li>\n\n\n\n<li>photographie ;<\/li>\n\n\n\n<li>architecture ;<\/li>\n\n\n\n<li>r\u00e9daction ;<\/li>\n\n\n\n<li>direction artistique ;<\/li>\n\n\n\n<li>design.<\/li>\n<\/ul>\n\n\n\n<p>Il reste indispensable dans ces domaines. L\u2019Apec indique par exemple que les candidats \u00e0 un poste de direction de cr\u00e9ation doivent pouvoir pr\u00e9senter un portfolio repr\u00e9sentatif de leurs r\u00e9alisations.<\/p>\n\n\n\n<p>Mais en 2026, le portfolio peut \u00eatre utile dans de nombreux autres m\u00e9tiers.<\/p>\n\n\n\n<p>Il peut permettre de valoriser le travail :<\/p>\n\n\n\n<ul class=\"wp-block-list\">\n<li>d\u2019un d\u00e9veloppeur ;<\/li>\n\n\n\n<li>d\u2019un consultant ;<\/li>\n\n\n\n<li>d\u2019un commercial ;<\/li>\n\n\n\n<li>d\u2019un sp\u00e9cialiste du marketing ;<\/li>\n\n\n\n<li>d\u2019un chef de projet ;<\/li>\n\n\n\n<li>d\u2019un administrateur syst\u00e8me ;<\/li>\n\n\n\n<li>d\u2019un expert en cybers\u00e9curit\u00e9 ;<\/li>\n\n\n\n<li>d\u2019un formateur ;<\/li>\n\n\n\n<li>d\u2019un professionnel des ressources humaines ;<\/li>\n\n\n\n<li>d\u2019un entrepreneur.<\/li>\n<\/ul>\n\n\n\n<h2 class=\"wp-block-heading\">Un portfolio n\u2019est pas forc\u00e9ment un site internet<\/h2>\n\n\n\n<p>Le mot \u00ab portfolio \u00bb peut donner l\u2019impression qu\u2019il faut cr\u00e9er un site complexe et tr\u00e8s visuel.<\/p>\n\n\n\n<p>En r\u00e9alit\u00e9, il peut prendre diff\u00e9rentes formes :<\/p>\n\n\n\n<ul class=\"wp-block-list\">\n<li>un site personnel ;<\/li>\n\n\n\n<li>un d\u00e9p\u00f4t de code ;<\/li>\n\n\n\n<li>un document PDF ;<\/li>\n\n\n\n<li>une pr\u00e9sentation ;<\/li>\n\n\n\n<li>une s\u00e9lection de projets ;<\/li>\n\n\n\n<li>des \u00e9tudes de cas ;<\/li>\n\n\n\n<li>des articles professionnels ;<\/li>\n\n\n\n<li>des d\u00e9monstrations vid\u00e9o ;<\/li>\n\n\n\n<li>une base de connaissances ;<\/li>\n\n\n\n<li>un tableau de r\u00e9alisations.<\/li>\n<\/ul>\n\n\n\n<p>La forme doit \u00eatre adapt\u00e9e au m\u00e9tier.<\/p>\n\n\n\n<p>Un administrateur syst\u00e8me n\u2019a pas besoin de pr\u00e9senter une galerie artistique. Il peut expliquer la conception d\u2019une infrastructure de d\u00e9monstration, une proc\u00e9dure de sauvegarde, un laboratoire personnel ou une migration anonymis\u00e9e.<\/p>\n\n\n\n<p>Un commercial peut pr\u00e9senter une m\u00e9thode de prospection, une strat\u00e9gie de suivi et des r\u00e9sultats exprim\u00e9s en pourcentage.<\/p>\n\n\n\n<p>Un consultant peut cr\u00e9er plusieurs \u00e9tudes de cas expliquant les probl\u00e8mes rencontr\u00e9s et les solutions propos\u00e9es.<\/p>\n\n\n\n<h2 class=\"wp-block-heading\">Le portfolio d\u00e9montre la capacit\u00e9 \u00e0 produire<\/h2>\n\n\n\n<p>Dans un CV, un candidat peut \u00e9crire :<\/p>\n\n\n\n<blockquote class=\"wp-block-quote is-layout-flow wp-block-quote-is-layout-flow\">\n<p>Ma\u00eetrise du d\u00e9veloppement web.<\/p>\n<\/blockquote>\n\n\n\n<p>Dans un portfolio, il peut montrer une application, expliquer son architecture et d\u00e9crire les difficult\u00e9s r\u00e9solues.<\/p>\n\n\n\n<p>Le portfolio transforme une affirmation en \u00e9l\u00e9ment observable.<\/p>\n\n\n\n<p>Il permet notamment de montrer :<\/p>\n\n\n\n<ul class=\"wp-block-list\">\n<li>la qualit\u00e9 du r\u00e9sultat ;<\/li>\n\n\n\n<li>la capacit\u00e9 \u00e0 terminer un projet ;<\/li>\n\n\n\n<li>la ma\u00eetrise des outils ;<\/li>\n\n\n\n<li>le niveau de d\u00e9tail ;<\/li>\n\n\n\n<li>la coh\u00e9rence de la d\u00e9marche ;<\/li>\n\n\n\n<li>la capacit\u00e9 \u00e0 expliquer son travail.<\/li>\n<\/ul>\n\n\n\n<h2 class=\"wp-block-heading\">Le portfolio r\u00e9v\u00e8le aussi la mani\u00e8re de r\u00e9fl\u00e9chir<\/h2>\n\n\n\n<p>Le r\u00e9sultat final ne raconte pas toute l\u2019histoire.<\/p>\n\n\n\n<p>Un portfolio convaincant explique :<\/p>\n\n\n\n<ul class=\"wp-block-list\">\n<li>le probl\u00e8me initial ;<\/li>\n\n\n\n<li>le contexte ;<\/li>\n\n\n\n<li>les contraintes ;<\/li>\n\n\n\n<li>les objectifs ;<\/li>\n\n\n\n<li>les options envisag\u00e9es ;<\/li>\n\n\n\n<li>les choix r\u00e9alis\u00e9s ;<\/li>\n\n\n\n<li>la contribution personnelle ;<\/li>\n\n\n\n<li>les r\u00e9sultats ;<\/li>\n\n\n\n<li>les am\u00e9liorations possibles.<\/li>\n<\/ul>\n\n\n\n<p>Cette pr\u00e9sentation permet au recruteur ou au client de comprendre la d\u00e9marche de la personne.<\/p>\n\n\n\n<p>Elle est souvent plus int\u00e9ressante qu\u2019une simple succession d\u2019images ou de captures d\u2019\u00e9cran.<\/p>\n\n\n\n<h2 class=\"wp-block-heading\">Le portfolio permet de valoriser les parcours non traditionnels<\/h2>\n\n\n\n<p>Le portfolio est particuli\u00e8rement utile pour les personnes qui ne correspondent pas exactement au parcours habituellement attendu :<\/p>\n\n\n\n<ul class=\"wp-block-list\">\n<li>jeunes dipl\u00f4m\u00e9s ;<\/li>\n\n\n\n<li>autodidactes ;<\/li>\n\n\n\n<li>personnes en reconversion ;<\/li>\n\n\n\n<li>ind\u00e9pendants ;<\/li>\n\n\n\n<li>professionnels ayant travaill\u00e9 sur des missions confidentielles ;<\/li>\n\n\n\n<li>candidats ayant acquis des comp\u00e9tences en dehors d\u2019un emploi traditionnel.<\/li>\n<\/ul>\n\n\n\n<p>L\u2019approche dite&nbsp;<em>skills-first<\/em>&nbsp;cherche pr\u00e9cis\u00e9ment \u00e0 reconna\u00eetre les comp\u00e9tences d\u00e9montr\u00e9es, quelle que soit la mani\u00e8re dont elles ont \u00e9t\u00e9 acquises. Selon l\u2019OCDE, cette approche peut am\u00e9liorer la correspondance entre les candidats et les emplois, \u00e0 condition que les comp\u00e9tences soient clairement d\u00e9finies et \u00e9valu\u00e9es par des m\u00e9thodes structur\u00e9es.<\/p>\n\n\n\n<h1 class=\"wp-block-heading\">Les limites du portfolio<\/h1>\n\n\n\n<p>Un projet personnel montre qu\u2019une personne sait cr\u00e9er quelque chose.<\/p>\n\n\n\n<p>Il ne d\u00e9montre pas automatiquement qu\u2019elle sait :<\/p>\n\n\n\n<ul class=\"wp-block-list\">\n<li>respecter les attentes d\u2019un client ;<\/li>\n\n\n\n<li>travailler dans un syst\u00e8me existant ;<\/li>\n\n\n\n<li>g\u00e9rer des contraintes contradictoires ;<\/li>\n\n\n\n<li>recevoir des critiques ;<\/li>\n\n\n\n<li>tenir une \u00e9ch\u00e9ance ;<\/li>\n\n\n\n<li>documenter son travail pour une \u00e9quipe ;<\/li>\n\n\n\n<li>maintenir un produit pendant plusieurs ann\u00e9es ;<\/li>\n\n\n\n<li>g\u00e9rer les cons\u00e9quences financi\u00e8res ou juridiques d\u2019une d\u00e9cision.<\/li>\n<\/ul>\n\n\n\n<p>Le portfolio doit donc \u00eatre interpr\u00e9t\u00e9 selon son contexte.<\/p>\n\n\n\n<p>Un projet personnel peut \u00eatre excellent pour obtenir une premi\u00e8re exp\u00e9rience. Mais il ne doit pas \u00eatre pr\u00e9sent\u00e9 comme l\u2019\u00e9quivalent automatique d\u2019un projet complexe men\u00e9 dans une grande organisation.<\/p>\n\n\n\n<h2 class=\"wp-block-heading\">Un beau r\u00e9sultat ne prouve pas toujours la contribution personnelle<\/h2>\n\n\n\n<p>Un portfolio peut \u00e9galement pr\u00e9senter un travail r\u00e9alis\u00e9 :<\/p>\n\n\n\n<ul class=\"wp-block-list\">\n<li>avec une \u00e9quipe ;<\/li>\n\n\n\n<li>\u00e0 partir d\u2019un mod\u00e8le ;<\/li>\n\n\n\n<li>avec l\u2019aide d\u2019un prestataire ;<\/li>\n\n\n\n<li>avec un outil d\u2019intelligence artificielle ;<\/li>\n\n\n\n<li>dans le cadre d\u2019une formation fortement guid\u00e9e.<\/li>\n<\/ul>\n\n\n\n<p>Cela ne rend pas automatiquement le projet sans valeur.<\/p>\n\n\n\n<p>Le candidat doit simplement expliquer honn\u00eatement sa contribution :<\/p>\n\n\n\n<ul class=\"wp-block-list\">\n<li>ce qu\u2019il a r\u00e9alis\u00e9 seul ;<\/li>\n\n\n\n<li>ce qui a \u00e9t\u00e9 produit en \u00e9quipe ;<\/li>\n\n\n\n<li>les ressources utilis\u00e9es ;<\/li>\n\n\n\n<li>les outils d\u2019IA mobilis\u00e9s ;<\/li>\n\n\n\n<li>les d\u00e9cisions qu\u2019il a prises ;<\/li>\n\n\n\n<li>les parties qu\u2019il serait capable de reproduire.<\/li>\n<\/ul>\n\n\n\n<p>La transparence rend le portfolio plus cr\u00e9dible.<\/p>\n\n\n\n<h1 class=\"wp-block-heading\">Le portfolio \u00e0 l\u2019\u00e9poque de l\u2019intelligence artificielle<\/h1>\n\n\n\n<p>L\u2019intelligence artificielle permet d\u00e9sormais de produire rapidement du texte, du code, des images, des pr\u00e9sentations, des analyses ou des maquettes.<\/p>\n\n\n\n<p>Cr\u00e9er un r\u00e9sultat visuellement convaincant est donc devenu plus accessible.<\/p>\n\n\n\n<p>Cette \u00e9volution ne rend pas le portfolio inutile. Elle modifie ce qu\u2019il doit d\u00e9montrer.<\/p>\n\n\n\n<p>La valeur ne r\u00e9side plus seulement dans le r\u00e9sultat final. Elle se trouve aussi dans la capacit\u00e9 \u00e0 expliquer :<\/p>\n\n\n\n<ul class=\"wp-block-list\">\n<li>pourquoi cette solution a \u00e9t\u00e9 choisie ;<\/li>\n\n\n\n<li>quelles instructions ont \u00e9t\u00e9 donn\u00e9es \u00e0 l\u2019outil ;<\/li>\n\n\n\n<li>comment le r\u00e9sultat a \u00e9t\u00e9 v\u00e9rifi\u00e9 ;<\/li>\n\n\n\n<li>quelles erreurs ont \u00e9t\u00e9 corrig\u00e9es ;<\/li>\n\n\n\n<li>quelles parties ont n\u00e9cessit\u00e9 une expertise humaine ;<\/li>\n\n\n\n<li>quelles limites restent pr\u00e9sentes.<\/li>\n<\/ul>\n\n\n\n<h2 class=\"wp-block-heading\">Comment v\u00e9rifier la ma\u00eetrise r\u00e9elle d\u2019un projet ?<\/h2>\n\n\n\n<p>Un recruteur peut demander au candidat :<\/p>\n\n\n\n<ul class=\"wp-block-list\">\n<li>d\u2019expliquer un choix important ;<\/li>\n\n\n\n<li>de pr\u00e9senter une version pr\u00e9c\u00e9dente ;<\/li>\n\n\n\n<li>de d\u00e9crire une erreur rencontr\u00e9e ;<\/li>\n\n\n\n<li>de modifier une partie du projet ;<\/li>\n\n\n\n<li>de proposer une am\u00e9lioration ;<\/li>\n\n\n\n<li>d\u2019indiquer les outils utilis\u00e9s ;<\/li>\n\n\n\n<li>d\u2019expliquer pr\u00e9cis\u00e9ment sa contribution.<\/li>\n<\/ul>\n\n\n\n<p>L\u2019objectif ne doit pas \u00eatre de pi\u00e9ger le candidat.<\/p>\n\n\n\n<p>Il s\u2019agit de v\u00e9rifier qu\u2019il comprend r\u00e9ellement ce qu\u2019il pr\u00e9sente.<\/p>\n\n\n\n<h1 class=\"wp-block-heading\">Dipl\u00f4me, exp\u00e9rience et portfolio sont compl\u00e9mentaires<\/h1>\n\n\n\n<p>La question ne devrait pas \u00eatre :<\/p>\n\n\n\n<blockquote class=\"wp-block-quote is-layout-flow wp-block-quote-is-layout-flow\">\n<p>Lequel de ces trois \u00e9l\u00e9ments devons-nous supprimer ?<\/p>\n<\/blockquote>\n\n\n\n<p>Elle devrait \u00eatre :<\/p>\n\n\n\n<blockquote class=\"wp-block-quote is-layout-flow wp-block-quote-is-layout-flow\">\n<p>De quelles preuves avons-nous besoin pour \u00e9valuer correctement ce poste ?<\/p>\n<\/blockquote>\n\n\n\n<h2 class=\"wp-block-heading\">Le dipl\u00f4me r\u00e9pond \u00e0 la question des connaissances valid\u00e9es<\/h2>\n\n\n\n<p>Il est particuli\u00e8rement important lorsque :<\/p>\n\n\n\n<ul class=\"wp-block-list\">\n<li>le m\u00e9tier est r\u00e9glement\u00e9 ;<\/li>\n\n\n\n<li>les connaissances th\u00e9oriques sont complexes ;<\/li>\n\n\n\n<li>les cons\u00e9quences d\u2019une erreur sont importantes ;<\/li>\n\n\n\n<li>le candidat d\u00e9bute ;<\/li>\n\n\n\n<li>le client exige une qualification pr\u00e9cise ;<\/li>\n\n\n\n<li>la fonction donne acc\u00e8s \u00e0 une responsabilit\u00e9 officielle.<\/li>\n<\/ul>\n\n\n\n<h2 class=\"wp-block-heading\">L\u2019exp\u00e9rience r\u00e9pond \u00e0 la question de la pratique<\/h2>\n\n\n\n<p>Elle devient essentielle lorsque :<\/p>\n\n\n\n<ul class=\"wp-block-list\">\n<li>les situations r\u00e9elles sont difficiles \u00e0 reproduire ;<\/li>\n\n\n\n<li>le poste n\u00e9cessite beaucoup d\u2019autonomie ;<\/li>\n\n\n\n<li>la personne doit g\u00e9rer des clients ;<\/li>\n\n\n\n<li>les d\u00e9cisions poss\u00e8dent des cons\u00e9quences importantes ;<\/li>\n\n\n\n<li>les contraintes humaines et organisationnelles sont centrales ;<\/li>\n\n\n\n<li>la personne doit encadrer d\u2019autres professionnels.<\/li>\n<\/ul>\n\n\n\n<h2 class=\"wp-block-heading\">Le portfolio r\u00e9pond \u00e0 la question de la preuve<\/h2>\n\n\n\n<p>Il est particuli\u00e8rement utile lorsque :<\/p>\n\n\n\n<ul class=\"wp-block-list\">\n<li>la qualit\u00e9 du r\u00e9sultat peut \u00eatre observ\u00e9e ;<\/li>\n\n\n\n<li>le candidat change de m\u00e9tier ;<\/li>\n\n\n\n<li>l\u2019exp\u00e9rience est difficile \u00e0 r\u00e9sumer dans un CV ;<\/li>\n\n\n\n<li>la personne d\u00e9bute ;<\/li>\n\n\n\n<li>les comp\u00e9tences ont \u00e9t\u00e9 acquises en dehors d\u2019un emploi classique ;<\/li>\n\n\n\n<li>le poste n\u00e9cessite de cr\u00e9er, concevoir ou r\u00e9soudre des probl\u00e8mes.<\/li>\n<\/ul>\n\n\n\n<h1 class=\"wp-block-heading\">Que faut-il privil\u00e9gier selon le profil ?<\/h1>\n\n\n\n<h2 class=\"wp-block-heading\">Pour un jeune dipl\u00f4m\u00e9<\/h2>\n\n\n\n<p>Le dipl\u00f4me constitue g\u00e9n\u00e9ralement le principal socle.<\/p>\n\n\n\n<p>Il devrait cependant \u00eatre accompagn\u00e9 de preuves pratiques :<\/p>\n\n\n\n<ul class=\"wp-block-list\">\n<li>stage ;<\/li>\n\n\n\n<li>alternance ;<\/li>\n\n\n\n<li>projet de fin d\u2019\u00e9tudes ;<\/li>\n\n\n\n<li>projet personnel ;<\/li>\n\n\n\n<li>engagement associatif ;<\/li>\n\n\n\n<li>contribution \u00e0 un projet open source ;<\/li>\n\n\n\n<li>\u00e9tude de cas ;<\/li>\n\n\n\n<li>certification compl\u00e9mentaire pertinente.<\/li>\n<\/ul>\n\n\n\n<p>Dans un march\u00e9 moins favorable aux cadres d\u00e9butants, ces \u00e9l\u00e9ments permettent au candidat de ne pas pr\u00e9senter uniquement une formation similaire \u00e0 celle de nombreux autres dipl\u00f4m\u00e9s.<\/p>\n\n\n\n<h2 class=\"wp-block-heading\">Pour une personne en reconversion<\/h2>\n\n\n\n<p>Le portfolio peut devenir d\u00e9terminant.<\/p>\n\n\n\n<p>La personne doit montrer le lien entre :<\/p>\n\n\n\n<ul class=\"wp-block-list\">\n<li>ses comp\u00e9tences pr\u00e9c\u00e9dentes ;<\/li>\n\n\n\n<li>sa nouvelle formation ;<\/li>\n\n\n\n<li>les projets r\u00e9alis\u00e9s ;<\/li>\n\n\n\n<li>les probl\u00e8mes qu\u2019elle sait r\u00e9soudre ;<\/li>\n\n\n\n<li>la valeur qu\u2019elle peut apporter.<\/li>\n<\/ul>\n\n\n\n<p>La Validation des acquis de l\u2019exp\u00e9rience peut \u00e9galement permettre de faire reconna\u00eetre officiellement des comp\u00e9tences issues d\u2019une activit\u00e9 professionnelle, personnelle ou b\u00e9n\u00e9vole et d\u2019obtenir tout ou partie d\u2019une certification.<\/p>\n\n\n\n<p>La reconversion devient plus cr\u00e9dible lorsque le candidat peut pr\u00e9senter \u00e0 la fois un apprentissage structur\u00e9, plusieurs r\u00e9alisations et une compr\u00e9hension concr\u00e8te du nouveau m\u00e9tier.<\/p>\n\n\n\n<h2 class=\"wp-block-heading\">Pour un professionnel exp\u00e9riment\u00e9<\/h2>\n\n\n\n<p>L\u2019exp\u00e9rience doit \u00eatre transform\u00e9e en r\u00e9sultats compr\u00e9hensibles.<\/p>\n\n\n\n<p>Au lieu d\u2019indiquer uniquement :<\/p>\n\n\n\n<blockquote class=\"wp-block-quote is-layout-flow wp-block-quote-is-layout-flow\">\n<p>Responsable informatique pendant huit ans.<\/p>\n<\/blockquote>\n\n\n\n<p>Il est plus utile de pr\u00e9ciser :<\/p>\n\n\n\n<ul class=\"wp-block-list\">\n<li>la taille de l\u2019environnement g\u00e9r\u00e9 ;<\/li>\n\n\n\n<li>le nombre de personnes accompagn\u00e9es ;<\/li>\n\n\n\n<li>les projets livr\u00e9s ;<\/li>\n\n\n\n<li>les interruptions r\u00e9duites ;<\/li>\n\n\n\n<li>les d\u00e9lais am\u00e9lior\u00e9s ;<\/li>\n\n\n\n<li>les risques trait\u00e9s ;<\/li>\n\n\n\n<li>les \u00e9conomies r\u00e9alis\u00e9es.<\/li>\n<\/ul>\n\n\n\n<p>Le portfolio peut alors prendre la forme d\u2019\u00e9tudes de cas anonymis\u00e9es plut\u00f4t que d\u2019une galerie visuelle.<\/p>\n\n\n\n<h2 class=\"wp-block-heading\">Pour un ind\u00e9pendant ou un consultant<\/h2>\n\n\n\n<p>Le client se pr\u00e9occupe rarement du dipl\u00f4me seul.<\/p>\n\n\n\n<p>Il cherche principalement \u00e0 d\u00e9terminer :<\/p>\n\n\n\n<ul class=\"wp-block-list\">\n<li>si le prestataire comprend son probl\u00e8me ;<\/li>\n\n\n\n<li>s\u2019il a d\u00e9j\u00e0 trait\u00e9 une situation comparable ;<\/li>\n\n\n\n<li>s\u2019il poss\u00e8de une m\u00e9thode ;<\/li>\n\n\n\n<li>s\u2019il peut montrer des r\u00e9sultats ;<\/li>\n\n\n\n<li>s\u2019il semble fiable ;<\/li>\n\n\n\n<li>s\u2019il pourra accompagner le projet jusqu\u2019\u00e0 son terme.<\/li>\n<\/ul>\n\n\n\n<p>Le dipl\u00f4me peut rassurer.<\/p>\n\n\n\n<p>L\u2019exp\u00e9rience peut renforcer la l\u00e9gitimit\u00e9.<\/p>\n\n\n\n<p>Mais les r\u00e9alisations, les \u00e9tudes de cas, les t\u00e9moignages et les explications concr\u00e8tes facilitent souvent davantage la d\u00e9cision commerciale.<\/p>\n\n\n\n<h1 class=\"wp-block-heading\">Comment cr\u00e9er un portfolio sans violer la confidentialit\u00e9 ?<\/h1>\n\n\n\n<p>De nombreux professionnels ne peuvent pas publier librement les projets r\u00e9alis\u00e9s pour leurs clients ou leurs employeurs.<\/p>\n\n\n\n<p>Ils peuvent \u00eatre soumis :<\/p>\n\n\n\n<ul class=\"wp-block-list\">\n<li>\u00e0 une clause de confidentialit\u00e9 ;<\/li>\n\n\n\n<li>au secret professionnel ;<\/li>\n\n\n\n<li>\u00e0 la protection des donn\u00e9es personnelles ;<\/li>\n\n\n\n<li>au secret commercial ;<\/li>\n\n\n\n<li>aux r\u00e8gles de leur entreprise ;<\/li>\n\n\n\n<li>aux droits d\u2019auteur du client.<\/li>\n<\/ul>\n\n\n\n<p>Cela ne signifie pas qu\u2019ils doivent renoncer \u00e0 pr\u00e9senter leurs comp\u00e9tences.<\/p>\n\n\n\n<h2 class=\"wp-block-heading\">Cr\u00e9er des \u00e9tudes de cas anonymis\u00e9es<\/h2>\n\n\n\n<p>Une \u00e9tude de cas peut expliquer :<\/p>\n\n\n\n<ul class=\"wp-block-list\">\n<li>le secteur d\u2019activit\u00e9 sans nommer l\u2019entreprise ;<\/li>\n\n\n\n<li>le type de probl\u00e8me ;<\/li>\n\n\n\n<li>les contraintes g\u00e9n\u00e9rales ;<\/li>\n\n\n\n<li>la m\u00e9thode utilis\u00e9e ;<\/li>\n\n\n\n<li>la contribution personnelle ;<\/li>\n\n\n\n<li>les r\u00e9sultats exprim\u00e9s en pourcentage ou sous forme de fourchette ;<\/li>\n\n\n\n<li>les enseignements tir\u00e9s.<\/li>\n<\/ul>\n\n\n\n<p>Par exemple :<\/p>\n\n\n\n<blockquote class=\"wp-block-quote is-layout-flow wp-block-quote-is-layout-flow\">\n<p>Une PME d\u2019une cinquantaine de salari\u00e9s rencontrait des interruptions r\u00e9guli\u00e8res de son syst\u00e8me de sauvegarde. Apr\u00e8s un audit, une nouvelle proc\u00e9dure de surveillance et de test a permis de r\u00e9duire fortement les \u00e9checs non d\u00e9tect\u00e9s.<\/p>\n<\/blockquote>\n\n\n\n<p>Cette pr\u00e9sentation d\u00e9montre une comp\u00e9tence sans divulguer l\u2019identit\u00e9 du client ni les d\u00e9tails sensibles de son infrastructure.<\/p>\n\n\n\n<h2 class=\"wp-block-heading\">Cr\u00e9er un projet de d\u00e9monstration<\/h2>\n\n\n\n<p>Lorsque le travail r\u00e9el ne peut pas \u00eatre pr\u00e9sent\u00e9, le professionnel peut cr\u00e9er un projet fictif mais r\u00e9aliste.<\/p>\n\n\n\n<p>Il doit alors indiquer clairement qu\u2019il s\u2019agit d\u2019une d\u00e9monstration.<\/p>\n\n\n\n<p>Un d\u00e9veloppeur peut cr\u00e9er une application personnelle.<\/p>\n\n\n\n<p>Un administrateur syst\u00e8me peut documenter un laboratoire virtualis\u00e9.<\/p>\n\n\n\n<p>Un sp\u00e9cialiste marketing peut imaginer une campagne compl\u00e8te pour une marque fictive.<\/p>\n\n\n\n<p>Un consultant peut analyser un cas public.<\/p>\n\n\n\n<h1 class=\"wp-block-heading\">Ce que les candidats devraient pr\u00e9senter<\/h1>\n\n\n\n<p>Un dossier de candidature efficace peut associer plusieurs \u00e9l\u00e9ments.<\/p>\n\n\n\n<h2 class=\"wp-block-heading\">Un CV orient\u00e9 vers les r\u00e9sultats<\/h2>\n\n\n\n<p>Le CV doit pr\u00e9senter les postes occup\u00e9s, mais aussi ce qu\u2019ils ont permis d\u2019accomplir.<\/p>\n\n\n\n<p>Au lieu de d\u00e9crire uniquement des t\u00e2ches, il peut mentionner :<\/p>\n\n\n\n<ul class=\"wp-block-list\">\n<li>un projet termin\u00e9 ;<\/li>\n\n\n\n<li>un probl\u00e8me r\u00e9solu ;<\/li>\n\n\n\n<li>une am\u00e9lioration obtenue ;<\/li>\n\n\n\n<li>une responsabilit\u00e9 assum\u00e9e ;<\/li>\n\n\n\n<li>un r\u00e9sultat mesurable.<\/li>\n<\/ul>\n\n\n\n<h2 class=\"wp-block-heading\">Un profil professionnel coh\u00e9rent<\/h2>\n\n\n\n<p>Les informations publi\u00e9es sur les plateformes professionnelles doivent correspondre au CV, au portfolio et au positionnement recherch\u00e9.<\/p>\n\n\n\n<p>Des dates incompatibles, des intitul\u00e9s tr\u00e8s diff\u00e9rents ou des projets impossibles \u00e0 v\u00e9rifier peuvent cr\u00e9er un doute.<\/p>\n\n\n\n<h2 class=\"wp-block-heading\">Une s\u00e9lection limit\u00e9e de projets<\/h2>\n\n\n\n<p>Trois projets bien expliqu\u00e9s sont g\u00e9n\u00e9ralement plus convaincants qu\u2019une longue liste sans contexte.<\/p>\n\n\n\n<p>Chaque projet peut pr\u00e9senter :<\/p>\n\n\n\n<ol start=\"1\" class=\"wp-block-list\">\n<li>le probl\u00e8me ;<\/li>\n\n\n\n<li>le contexte ;<\/li>\n\n\n\n<li>la contribution ;<\/li>\n\n\n\n<li>la m\u00e9thode ;<\/li>\n\n\n\n<li>le r\u00e9sultat ;<\/li>\n\n\n\n<li>les enseignements.<\/li>\n<\/ol>\n\n\n\n<h2 class=\"wp-block-heading\">Des preuves adapt\u00e9es au m\u00e9tier<\/h2>\n\n\n\n<p>Selon la fonction, il peut s\u2019agir :<\/p>\n\n\n\n<ul class=\"wp-block-list\">\n<li>de certifications ;<\/li>\n\n\n\n<li>de recommandations ;<\/li>\n\n\n\n<li>de d\u00e9monstrations ;<\/li>\n\n\n\n<li>de publications ;<\/li>\n\n\n\n<li>de code ;<\/li>\n\n\n\n<li>de r\u00e9sultats ;<\/li>\n\n\n\n<li>de t\u00e9moignages ;<\/li>\n\n\n\n<li>d\u2019exemples de livrables.<\/li>\n<\/ul>\n\n\n\n<h1 class=\"wp-block-heading\">Ce que les recruteurs devraient modifier<\/h1>\n\n\n\n<p>Le recrutement fond\u00e9 sur les comp\u00e9tences ne consiste pas simplement \u00e0 supprimer une exigence de dipl\u00f4me dans une offre.<\/p>\n\n\n\n<p>L\u2019OCDE souligne qu\u2019une d\u00e9marche&nbsp;<em>skills-first<\/em>&nbsp;n\u00e9cessite notamment une d\u00e9finition claire des comp\u00e9tences, des m\u00e9thodes d\u2019\u00e9valuation structur\u00e9es et des entretiens fond\u00e9s sur les comp\u00e9tences. Pr\u00e8s de la moiti\u00e9 des employeurs interrog\u00e9s dans les pays de l\u2019OCDE disposant de donn\u00e9es pr\u00e9voient d\u2019utiliser des tests avant l\u2019embauche entre 2025 et 2030.<\/p>\n\n\n\n<h2 class=\"wp-block-heading\">D\u00e9finir les comp\u00e9tences r\u00e9ellement n\u00e9cessaires<\/h2>\n\n\n\n<p>Une offre devrait distinguer :<\/p>\n\n\n\n<ul class=\"wp-block-list\">\n<li>les comp\u00e9tences obligatoires d\u00e8s l\u2019embauche ;<\/li>\n\n\n\n<li>celles qui peuvent \u00eatre apprises ;<\/li>\n\n\n\n<li>les qualifications l\u00e9galement n\u00e9cessaires ;<\/li>\n\n\n\n<li>les exp\u00e9riences seulement souhaitables ;<\/li>\n\n\n\n<li>les comportements attendus.<\/li>\n<\/ul>\n\n\n\n<p>Cette distinction permet d\u2019\u00e9viter de transformer chaque pr\u00e9f\u00e9rence en condition obligatoire.<\/p>\n\n\n\n<h2 class=\"wp-block-heading\">\u00c9viter les exigences automatiques<\/h2>\n\n\n\n<p>Demander cinq ann\u00e9es d\u2019exp\u00e9rience pour une technologie r\u00e9cente ou un dipl\u00f4me tr\u00e8s pr\u00e9cis pour un m\u00e9tier non r\u00e9glement\u00e9 peut exclure des profils comp\u00e9tents sans am\u00e9liorer la qualit\u00e9 du recrutement.<\/p>\n\n\n\n<p>L\u2019entreprise doit pouvoir expliquer pourquoi chaque exigence est r\u00e9ellement n\u00e9cessaire.<\/p>\n\n\n\n<h2 class=\"wp-block-heading\">Utiliser une \u00e9valuation li\u00e9e au poste<\/h2>\n\n\n\n<p>Une mise en situation courte peut \u00eatre plus informative qu\u2019une s\u00e9rie de questions g\u00e9n\u00e9rales.<\/p>\n\n\n\n<p>Elle doit n\u00e9anmoins :<\/p>\n\n\n\n<ul class=\"wp-block-list\">\n<li>correspondre au v\u00e9ritable travail ;<\/li>\n\n\n\n<li>rester proportionn\u00e9e au poste ;<\/li>\n\n\n\n<li>ne pas constituer une prestation gratuite ;<\/li>\n\n\n\n<li>\u00eatre \u00e9valu\u00e9e avec les m\u00eames crit\u00e8res pour tous ;<\/li>\n\n\n\n<li>respecter le niveau d\u2019exp\u00e9rience attendu.<\/li>\n<\/ul>\n\n\n\n<p>Un candidat junior ne doit pas \u00eatre \u00e9valu\u00e9 comme un expert.<\/p>\n\n\n\n<h2 class=\"wp-block-heading\">Examiner le parcours plut\u00f4t que le titre<\/h2>\n\n\n\n<p>Une comp\u00e9tence peut avoir \u00e9t\u00e9 d\u00e9velopp\u00e9e gr\u00e2ce :<\/p>\n\n\n\n<ul class=\"wp-block-list\">\n<li>\u00e0 un emploi ;<\/li>\n\n\n\n<li>\u00e0 une alternance ;<\/li>\n\n\n\n<li>\u00e0 une formation ;<\/li>\n\n\n\n<li>\u00e0 un projet personnel ;<\/li>\n\n\n\n<li>\u00e0 une association ;<\/li>\n\n\n\n<li>\u00e0 une activit\u00e9 ind\u00e9pendante ;<\/li>\n\n\n\n<li>\u00e0 un apprentissage autonome.<\/li>\n<\/ul>\n\n\n\n<p>L\u2019origine de la comp\u00e9tence compte moins que son niveau r\u00e9el, sauf lorsqu\u2019une qualification officielle est l\u00e9galement n\u00e9cessaire.<\/p>\n\n\n\n<h2 class=\"wp-block-heading\">Croiser plusieurs types de preuves<\/h2>\n\n\n\n<p>Un processus de recrutement \u00e9quilibr\u00e9 peut associer :<\/p>\n\n\n\n<ul class=\"wp-block-list\">\n<li>l\u2019\u00e9tude du parcours ;<\/li>\n\n\n\n<li>un entretien structur\u00e9 ;<\/li>\n\n\n\n<li>l\u2019analyse de r\u00e9alisations ;<\/li>\n\n\n\n<li>une mise en situation ;<\/li>\n\n\n\n<li>des r\u00e9f\u00e9rences, lorsque cela est pertinent.<\/li>\n<\/ul>\n\n\n\n<p>Aucun outil ne doit \u00eatre utilis\u00e9 seul.<\/p>\n\n\n\n<h1 class=\"wp-block-heading\">Pourquoi les entreprises ont int\u00e9r\u00eat \u00e0 \u00e9largir leurs crit\u00e8res<\/h1>\n\n\n\n<p>Les difficult\u00e9s de recrutement ne signifient pas toujours qu\u2019aucun candidat comp\u00e9tent n\u2019existe.<\/p>\n\n\n\n<p>Elles peuvent aussi provenir d\u2019un d\u00e9calage entre les profils recherch\u00e9s et les candidatures disponibles. Dans son \u00e9tude sur les pratiques de recrutement des cadres en 2025, l\u2019Apec identifiait notamment le d\u00e9calage entre les candidatures re\u00e7ues et les profils recherch\u00e9s parmi les principales difficult\u00e9s rencontr\u00e9es par les entreprises.<\/p>\n\n\n\n<p>Une d\u00e9finition plus pr\u00e9cise des besoins peut permettre de d\u00e9couvrir :<\/p>\n\n\n\n<ul class=\"wp-block-list\">\n<li>des candidats autodidactes ;<\/li>\n\n\n\n<li>des personnes en reconversion ;<\/li>\n\n\n\n<li>des professionnels provenant d\u2019un autre secteur ;<\/li>\n\n\n\n<li>des profils form\u00e9s en alternance ;<\/li>\n\n\n\n<li>des candidats poss\u00e9dant la comp\u00e9tence sans le titre habituellement demand\u00e9.<\/li>\n<\/ul>\n\n\n\n<p>\u00c9largir les crit\u00e8res ne signifie pas diminuer les exigences.<\/p>\n\n\n\n<p>Cela consiste \u00e0 remplacer certaines exigences g\u00e9n\u00e9rales par des preuves directement li\u00e9es au travail attendu.<\/p>\n\n\n\n<h1 class=\"wp-block-heading\">La m\u00e9thode des trois preuves<\/h1>\n\n\n\n<p>Une entreprise ou un candidat peut utiliser une m\u00e9thode simple pour organiser l\u2019\u00e9valuation d\u2019un profil.<\/p>\n\n\n\n<h2 class=\"wp-block-heading\">Premi\u00e8re preuve : ce que la personne conna\u00eet<\/h2>\n\n\n\n<p>Cette partie peut \u00eatre d\u00e9montr\u00e9e par :<\/p>\n\n\n\n<ul class=\"wp-block-list\">\n<li>un dipl\u00f4me ;<\/li>\n\n\n\n<li>une certification ;<\/li>\n\n\n\n<li>une formation ;<\/li>\n\n\n\n<li>un entretien technique ;<\/li>\n\n\n\n<li>une explication structur\u00e9e.<\/li>\n<\/ul>\n\n\n\n<h2 class=\"wp-block-heading\">Deuxi\u00e8me preuve : ce qu\u2019elle a d\u00e9j\u00e0 v\u00e9cu<\/h2>\n\n\n\n<p>Cette partie repose sur :<\/p>\n\n\n\n<ul class=\"wp-block-list\">\n<li>les emplois ;<\/li>\n\n\n\n<li>les stages ;<\/li>\n\n\n\n<li>l\u2019alternance ;<\/li>\n\n\n\n<li>les missions ;<\/li>\n\n\n\n<li>les responsabilit\u00e9s ;<\/li>\n\n\n\n<li>les probl\u00e8mes rencontr\u00e9s ;<\/li>\n\n\n\n<li>les environnements de travail connus.<\/li>\n<\/ul>\n\n\n\n<h2 class=\"wp-block-heading\">Troisi\u00e8me preuve : ce qu\u2019elle peut montrer<\/h2>\n\n\n\n<p>Cette partie comprend :<\/p>\n\n\n\n<ul class=\"wp-block-list\">\n<li>les projets ;<\/li>\n\n\n\n<li>les \u00e9tudes de cas ;<\/li>\n\n\n\n<li>les r\u00e9sultats ;<\/li>\n\n\n\n<li>les recommandations ;<\/li>\n\n\n\n<li>les d\u00e9monstrations ;<\/li>\n\n\n\n<li>les mises en situation.<\/li>\n<\/ul>\n\n\n\n<p>Un candidat ne poss\u00e8de pas n\u00e9cessairement ces trois preuves au m\u00eame niveau.<\/p>\n\n\n\n<p>Un d\u00e9butant peut compenser son manque d\u2019exp\u00e9rience par une formation solide et plusieurs projets.<\/p>\n\n\n\n<p>Un professionnel exp\u00e9riment\u00e9 peut valoriser son parcours \u00e0 travers des \u00e9tudes de cas plut\u00f4t que par de nouveaux dipl\u00f4mes.<\/p>\n\n\n\n<p>Une personne en reconversion peut associer ses comp\u00e9tences transf\u00e9rables, une nouvelle formation et un portfolio.<\/p>\n\n\n\n<h1 class=\"wp-block-heading\">Alors, qu\u2019est-ce qui compte vraiment en 2026 ?<\/h1>\n\n\n\n<p>Le dipl\u00f4me compte lorsqu\u2019il garantit un socle de connaissances, r\u00e9pond \u00e0 une obligation ou facilite l\u2019acc\u00e8s au m\u00e9tier.<\/p>\n\n\n\n<p>L\u2019exp\u00e9rience compte lorsqu\u2019elle montre qu\u2019une personne sait travailler dans la r\u00e9alit\u00e9 d\u2019une organisation.<\/p>\n\n\n\n<p>Le portfolio compte lorsqu\u2019il transforme des affirmations en preuves visibles.<\/p>\n\n\n\n<p>Aucun de ces \u00e9l\u00e9ments ne suffit dans toutes les situations.<\/p>\n\n\n\n<p>Un candidat dipl\u00f4m\u00e9 mais incapable d\u2019appliquer ses connaissances pr\u00e9sente un profil incomplet.<\/p>\n\n\n\n<p>Un candidat exp\u00e9riment\u00e9 mais incapable d\u2019expliquer ses responsabilit\u00e9s et ses r\u00e9sultats reste difficile \u00e0 \u00e9valuer.<\/p>\n\n\n\n<p>Un candidat disposant d\u2019un portfolio impressionnant mais sans ma\u00eetrise r\u00e9elle du sujet montrera rapidement ses limites.<\/p>\n\n\n\n<p>Le profil le plus convaincant est g\u00e9n\u00e9ralement celui qui peut dire :<\/p>\n\n\n\n<blockquote class=\"wp-block-quote is-layout-flow wp-block-quote-is-layout-flow\">\n<p>J\u2019ai appris, j\u2019ai pratiqu\u00e9 et je peux le d\u00e9montrer.<\/p>\n<\/blockquote>\n\n\n\n<h1 class=\"wp-block-heading\">Conclusion<\/h1>\n\n\n\n<p>Le recrutement de 2026 ne marque pas la disparition du dipl\u00f4me.<\/p>\n\n\n\n<p>Il marque plut\u00f4t le recul progressif du dipl\u00f4me consid\u00e9r\u00e9 comme l\u2019unique preuve de valeur.<\/p>\n\n\n\n<p>Les entreprises ont besoin de connaissances, d\u2019exp\u00e9rience, de capacit\u00e9s d\u2019adaptation et de r\u00e9sultats concrets.<\/p>\n\n\n\n<p>Les candidats doivent donc apprendre \u00e0 pr\u00e9senter leur parcours autrement qu\u2019\u00e0 travers une liste d\u2019\u00e9coles, de dipl\u00f4mes et d\u2019intitul\u00e9s de postes.<\/p>\n\n\n\n<p>Les recruteurs doivent, de leur c\u00f4t\u00e9, d\u00e9finir pr\u00e9cis\u00e9ment les comp\u00e9tences attendues et utiliser des m\u00e9thodes qui permettent r\u00e9ellement de les observer.<\/p>\n\n\n\n<p>La bonne question n\u2019est finalement pas :<\/p>\n\n\n\n<blockquote class=\"wp-block-quote is-layout-flow wp-block-quote-is-layout-flow\">\n<p>Dipl\u00f4me, exp\u00e9rience ou portfolio ?<\/p>\n<\/blockquote>\n\n\n\n<p>Elle est :<\/p>\n\n\n\n<blockquote class=\"wp-block-quote is-layout-flow wp-block-quote-is-layout-flow\">\n<p>Quelles preuves permettent de d\u00e9montrer que cette personne pourra r\u00e9ussir dans ce poste pr\u00e9cis ?<\/p>\n<\/blockquote>\n\n\n\n<h1 class=\"wp-block-heading\">Sources<\/h1>\n\n\n\n<ul class=\"wp-block-list\">\n<li><strong>OCDE \u2014\u00a0<\/strong><em><strong>A Skills-First Labour Market<\/strong><\/em>, juin 2026 : d\u00e9finition de l\u2019approche fond\u00e9e sur les comp\u00e9tences, r\u00f4le compl\u00e9mentaire des qualifications et m\u00e9thodes d\u2019\u00e9valuation.<\/li>\n\n\n\n<li><strong>OCDE \u2014\u00a0<\/strong><em><strong>Empowering the Workforce in the Context of a Skills-First Approach<\/strong><\/em>, juin 2025 : \u00e9volution des signaux de comp\u00e9tences, opportunit\u00e9s et limites de l\u2019approche\u00a0<em>skills-first<\/em>.<\/li>\n\n\n\n<li><strong>Forum \u00e9conomique mondial \u2014\u00a0<\/strong><em><strong>Future of Jobs Report 2025<\/strong><\/em>\u00a0: \u00e9volution attendue des comp\u00e9tences et crit\u00e8res privil\u00e9gi\u00e9s par les employeurs.<\/li>\n\n\n\n<li><strong>Apec \u2014 Jeunes dipl\u00f4m\u00e9s d\u2019un Bac +5 : une insertion plus difficile<\/strong>, novembre 2025.<\/li>\n\n\n\n<li><strong>Apec \u2014 Pratiques de recrutement de cadres 2025<\/strong>\u00a0: difficult\u00e9s de recrutement et d\u00e9calage entre les candidatures et les profils recherch\u00e9s.<\/li>\n\n\n\n<li><strong>Apec \u2014 L\u2019alternance dans le sup\u00e9rieur<\/strong>\u00a0: r\u00f4le de l\u2019exp\u00e9rience en entreprise dans l\u2019insertion professionnelle.<\/li>\n\n\n\n<li><strong>Apec \u2014 Fiche m\u00e9tier Directeur de cr\u00e9ation<\/strong>\u00a0: utilisation du portfolio pour pr\u00e9senter les r\u00e9alisations professionnelles.<\/li>\n\n\n\n<li><strong>Service Public \u2014 Validation des acquis de l\u2019exp\u00e9rience<\/strong>\u00a0: reconnaissance officielle de comp\u00e9tences acquises au cours d\u2019un parcours professionnel ou personnel.<\/li>\n\n\n\n<li><strong>Entreprendre Service Public \u2014 Activit\u00e9s r\u00e9glement\u00e9es<\/strong>\u00a0: conditions de qualification et d\u2019acc\u00e8s \u00e0 certaines professions.<\/li>\n<\/ul>\n","protected":false},"excerpt":{"rendered":"<p>Pendant longtemps, le parcours professionnel semblait suivre une logique relativement simple : obtenir un dipl\u00f4me, trouver un premier emploi, accumuler de l\u2019exp\u00e9rience, puis progresser\u2026<\/p>\n","protected":false},"author":1,"featured_media":47,"comment_status":"open","ping_status":"open","sticky":false,"template":"","format":"standard","meta":{"footnotes":""},"categories":[3,1,11],"tags":[79,53,75,78,76,80,77,68,52,81],"class_list":["post-46","post","type-post","status-publish","format-standard","has-post-thumbnail","hentry","category-apt-informa","category-blog","category-commercants-artisans","tag-carriere","tag-competences","tag-diplome","tag-emploi","tag-experience-professionnelle","tag-formation","tag-portfolio","tag-recrutement","tag-ressources-humaines","tag-skills-first"],"_links":{"self":[{"href":"https:\/\/www.aptinforma.com\/blog\/wp-json\/wp\/v2\/posts\/46","targetHints":{"allow":["GET"]}}],"collection":[{"href":"https:\/\/www.aptinforma.com\/blog\/wp-json\/wp\/v2\/posts"}],"about":[{"href":"https:\/\/www.aptinforma.com\/blog\/wp-json\/wp\/v2\/types\/post"}],"author":[{"embeddable":true,"href":"https:\/\/www.aptinforma.com\/blog\/wp-json\/wp\/v2\/users\/1"}],"replies":[{"embeddable":true,"href":"https:\/\/www.aptinforma.com\/blog\/wp-json\/wp\/v2\/comments?post=46"}],"version-history":[{"count":1,"href":"https:\/\/www.aptinforma.com\/blog\/wp-json\/wp\/v2\/posts\/46\/revisions"}],"predecessor-version":[{"id":48,"href":"https:\/\/www.aptinforma.com\/blog\/wp-json\/wp\/v2\/posts\/46\/revisions\/48"}],"wp:featuredmedia":[{"embeddable":true,"href":"https:\/\/www.aptinforma.com\/blog\/wp-json\/wp\/v2\/media\/47"}],"wp:attachment":[{"href":"https:\/\/www.aptinforma.com\/blog\/wp-json\/wp\/v2\/media?parent=46"}],"wp:term":[{"taxonomy":"category","embeddable":true,"href":"https:\/\/www.aptinforma.com\/blog\/wp-json\/wp\/v2\/categories?post=46"},{"taxonomy":"post_tag","embeddable":true,"href":"https:\/\/www.aptinforma.com\/blog\/wp-json\/wp\/v2\/tags?post=46"}],"curies":[{"name":"wp","href":"https:\/\/api.w.org\/{rel}","templated":true}]}}